{"id":4398,"date":"2026-09-03T12:02:26","date_gmt":"2026-09-03T10:02:26","guid":{"rendered":"https:\/\/couleurssante.be\/?p=4398"},"modified":"2026-09-03T12:02:27","modified_gmt":"2026-09-03T10:02:27","slug":"literair-cafe-2","status":"publish","type":"post","link":"https:\/\/couleurssante.be\/nl\/2026\/09\/03\/cafe-litteraire-2\/","title":{"rendered":"LITERAIRE KAFE"},"content":{"rendered":"<p class=\"wp-block-paragraph\"><strong>Aangeboden door de Boekenbeurs van Brussel <\/strong><\/p>\n\n\n\n<p class=\"has-vivid-red-color has-cyan-bluish-gray-background-color has-text-color has-background has-link-color wp-elements-1 wp-block-paragraph\"><strong>Met Fran\u00e7oise LHOIR<\/strong> <strong>over zijn roman ZINHO<\/strong><\/p>\n\n\n\n<p class=\"wp-block-paragraph\"><strong>Voorlezen door de acteur<\/strong> <strong>Pedro Romero, gepresenteerd door Christine Defoin<\/strong><\/p>\n\n\n\n<p class=\"wp-block-paragraph\"><strong>Donderdag 17 september 2026 om 10.30 uur in het gezondheidscentrum Couleurs Sant\u00e9<\/strong><\/p>\n\n\n\n<figure class=\"wp-block-image size-large\"><img fetchpriority=\"high\" decoding=\"async\" width=\"724\" height=\"1024\" src=\"https:\/\/couleurssante.be\/wp-content\/uploads\/2026\/09\/Francoise-Lhoir-Couleur-sante-17-septembre-2026.pdf-724x1024.jpg\" alt=\"\" class=\"wp-image-4399\" srcset=\"https:\/\/couleurssante.be\/wp-content\/uploads\/2026\/09\/Francoise-Lhoir-Couleur-sante-17-septembre-2026.pdf-724x1024.jpg 724w, https:\/\/couleurssante.be\/wp-content\/uploads\/2026\/09\/Francoise-Lhoir-Couleur-sante-17-septembre-2026.pdf-212x300.jpg 212w, https:\/\/couleurssante.be\/wp-content\/uploads\/2026\/09\/Francoise-Lhoir-Couleur-sante-17-septembre-2026.pdf-768x1086.jpg 768w, https:\/\/couleurssante.be\/wp-content\/uploads\/2026\/09\/Francoise-Lhoir-Couleur-sante-17-septembre-2026.pdf-1086x1536.jpg 1086w, https:\/\/couleurssante.be\/wp-content\/uploads\/2026\/09\/Francoise-Lhoir-Couleur-sante-17-septembre-2026.pdf-8x12.jpg 8w, https:\/\/couleurssante.be\/wp-content\/uploads\/2026\/09\/Francoise-Lhoir-Couleur-sante-17-septembre-2026.pdf.jpg 1357w\" sizes=\"(max-width: 724px) 100vw, 724px\" \/><\/figure>","protected":false},"excerpt":{"rendered":"<p>Georganiseerd door de Boekenbeurs van Brussel Met Fran\u00e7oise LHOIR over haar roman ZINHO Voorlezen door acteur Pedro Romero en gepresenteerd door Christine Defoin Donderdag 17 september 2026 om 10.30 uur in het gezondheidscentrum Couleurs Sant\u00e9<\/p>","protected":false},"author":2,"featured_media":4400,"comment_status":"closed","ping_status":"closed","sticky":false,"template":"","format":"standard","meta":{"footnotes":""},"categories":[23,3],"tags":[],"class_list":["post-4398","post","type-post","status-publish","format-standard","has-post-thumbnail","hentry","category-activites","category-actualites"],"yoast_head":"<!-- This site is optimized with the Yoast SEO plugin v28.4 - https:\/\/yoast.com\/product\/yoast-seo-wordpress\/ -->\n<title>CAF\u00c9 LITT\u00c9RAIRE - Couleur Sant\u00e9<\/title>\n<meta name=\"robots\" content=\"index, follow, max-snippet:-1, max-image-preview:large, max-video-preview:-1\" \/>\n<link rel=\"canonical\" href=\"https:\/\/couleurssante.be\/nl\/2026\/09\/03\/literair-cafe-2\/\" \/>\n<meta property=\"og:locale\" content=\"nl_BE\" \/>\n<meta property=\"og:type\" content=\"article\" \/>\n<meta property=\"og:title\" content=\"CAF\u00c9 LITT\u00c9RAIRE - Couleur Sant\u00e9\" \/>\n<meta property=\"og:description\" content=\"Propos\u00e9 par Foire du Livre de Bruxelles Avec Fran\u00e7oise LHOIR autour de son roman ZINHO Lecture par le com\u00e9dien Pedro Romero et anim\u00e9 par Christine Defoin Le jeudi 17 septembre 2026 \u00e0 10h30 \u00e0 la Maison M\u00e9dicale Couleurs Sant\u00e9\" \/>\n<meta property=\"og:url\" content=\"https:\/\/couleurssante.be\/nl\/2026\/09\/03\/literair-cafe-2\/\" \/>\n<meta property=\"og:site_name\" content=\"Couleur Sant\u00e9\" \/>\n<meta property=\"article:published_time\" content=\"2026-09-03T10:02:26+00:00\" \/>\n<meta property=\"article:modified_time\" content=\"2026-09-03T10:02:27+00:00\" \/>\n<meta property=\"og:image\" content=\"https:\/\/couleurssante.be\/wp-content\/uploads\/2026\/09\/uqwlxrkr_5c.jpg\" \/>\n\t<meta property=\"og:image:width\" content=\"801\" \/>\n\t<meta property=\"og:image:height\" content=\"1200\" \/>\n\t<meta property=\"og:image:type\" content=\"image\/jpeg\" \/>\n<meta name=\"author\" content=\"CouleurSante-ADM\" \/>\n<meta name=\"twitter:card\" content=\"summary_large_image\" \/>\n<meta name=\"twitter:label1\" content=\"Geschreven door\" \/>\n\t<meta name=\"twitter:data1\" content=\"CouleurSante-ADM\" \/>\n\t<meta name=\"twitter:label2\" content=\"Geschatte leestijd\" \/>\n\t<meta name=\"twitter:data2\" content=\"1 minuut\" \/>\n<script type=\"application\/ld+json\" class=\"yoast-schema-graph\">{\"@context\":\"https:\\\/\\\/schema.org\",\"@graph\":[{\"@type\":\"Article\",\"@id\":\"https:\\\/\\\/couleurssante.be\\\/2026\\\/09\\\/03\\\/cafe-litteraire-2\\\/#article\",\"isPartOf\":{\"@id\":\"https:\\\/\\\/couleurssante.be\\\/2026\\\/09\\\/03\\\/cafe-litteraire-2\\\/\"},\"author\":{\"name\":\"CouleurSante-ADM\",\"@id\":\"https:\\\/\\\/couleurssante.be\\\/#\\\/schema\\\/person\\\/30034bda7e0a4864062755c0be935db9\"},\"headline\":\"CAF\u00c9 LITT\u00c9RAIRE\",\"datePublished\":\"2026-09-03T10:02:26+00:00\",\"dateModified\":\"2026-09-03T10:02:27+00:00\",\"mainEntityOfPage\":{\"@id\":\"https:\\\/\\\/couleurssante.be\\\/2026\\\/09\\\/03\\\/cafe-litteraire-2\\\/\"},\"wordCount\":41,\"publisher\":{\"@id\":\"https:\\\/\\\/couleurssante.be\\\/#organization\"},\"image\":{\"@id\":\"https:\\\/\\\/couleurssante.be\\\/2026\\\/09\\\/03\\\/cafe-litteraire-2\\\/#primaryimage\"},\"thumbnailUrl\":\"https:\\\/\\\/couleurssante.be\\\/wp-content\\\/uploads\\\/2026\\\/09\\\/uqwlxrkr_5c.jpg\",\"articleSection\":[\"Activit\u00e9s\",\"Actualit\u00e9s\"],\"inLanguage\":\"nl-BE\"},{\"@type\":\"WebPage\",\"@id\":\"https:\\\/\\\/couleurssante.be\\\/2026\\\/09\\\/03\\\/cafe-litteraire-2\\\/\",\"url\":\"https:\\\/\\\/couleurssante.be\\\/2026\\\/09\\\/03\\\/cafe-litteraire-2\\\/\",\"name\":\"CAF\u00c9 LITT\u00c9RAIRE - Couleur Sant\u00e9\",\"isPartOf\":{\"@id\":\"https:\\\/\\\/couleurssante.be\\\/#website\"},\"primaryImageOfPage\":{\"@id\":\"https:\\\/\\\/couleurssante.be\\\/2026\\\/09\\\/03\\\/cafe-litteraire-2\\\/#primaryimage\"},\"image\":{\"@id\":\"https:\\\/\\\/couleurssante.be\\\/2026\\\/09\\\/03\\\/cafe-litteraire-2\\\/#primaryimage\"},\"thumbnailUrl\":\"https:\\\/\\\/couleurssante.be\\\/wp-content\\\/uploads\\\/2026\\\/09\\\/uqwlxrkr_5c.jpg\",\"datePublished\":\"2026-09-03T10:02:26+00:00\",\"dateModified\":\"2026-09-03T10:02:27+00:00\",\"breadcrumb\":{\"@id\":\"https:\\\/\\\/couleurssante.be\\\/2026\\\/09\\\/03\\\/cafe-litteraire-2\\\/#breadcrumb\"},\"inLanguage\":\"nl-BE\",\"potentialAction\":[{\"@type\":\"ReadAction\",\"target\":[\"https:\\\/\\\/couleurssante.be\\\/2026\\\/09\\\/03\\\/cafe-litteraire-2\\\/\"]}]},{\"@type\":\"ImageObject\",\"inLanguage\":\"nl-BE\",\"@id\":\"https:\\\/\\\/couleurssante.be\\\/2026\\\/09\\\/03\\\/cafe-litteraire-2\\\/#primaryimage\",\"url\":\"https:\\\/\\\/couleurssante.be\\\/wp-content\\\/uploads\\\/2026\\\/09\\\/uqwlxrkr_5c.jpg\",\"contentUrl\":\"https:\\\/\\\/couleurssante.be\\\/wp-content\\\/uploads\\\/2026\\\/09\\\/uqwlxrkr_5c.jpg\",\"width\":801,\"height\":1200,\"caption\":\"woman in gray t-shirt and blue denim jeans reading book\"},{\"@type\":\"BreadcrumbList\",\"@id\":\"https:\\\/\\\/couleurssante.be\\\/2026\\\/09\\\/03\\\/cafe-litteraire-2\\\/#breadcrumb\",\"itemListElement\":[{\"@type\":\"ListItem\",\"position\":1,\"name\":\"Home\",\"item\":\"https:\\\/\\\/couleurssante.be\\\/\"},{\"@type\":\"ListItem\",\"position\":2,\"name\":\"CAF\u00c9 LITT\u00c9RAIRE\"}]},{\"@type\":\"WebSite\",\"@id\":\"https:\\\/\\\/couleurssante.be\\\/#website\",\"url\":\"https:\\\/\\\/couleurssante.be\\\/\",\"name\":\"Couleur Sant\u00e9\",\"description\":\"Maison m\u00e9dicale asbl\",\"publisher\":{\"@id\":\"https:\\\/\\\/couleurssante.be\\\/#organization\"},\"potentialAction\":[{\"@type\":\"SearchAction\",\"target\":{\"@type\":\"EntryPoint\",\"urlTemplate\":\"https:\\\/\\\/couleurssante.be\\\/?s={search_term_string}\"},\"query-input\":{\"@type\":\"PropertyValueSpecification\",\"valueRequired\":true,\"valueName\":\"search_term_string\"}}],\"inLanguage\":\"nl-BE\"},{\"@type\":\"Organization\",\"@id\":\"https:\\\/\\\/couleurssante.be\\\/#organization\",\"name\":\"Couleur Sant\u00e9\",\"url\":\"https:\\\/\\\/couleurssante.be\\\/\",\"logo\":{\"@type\":\"ImageObject\",\"inLanguage\":\"nl-BE\",\"@id\":\"https:\\\/\\\/couleurssante.be\\\/#\\\/schema\\\/logo\\\/image\\\/\",\"url\":\"https:\\\/\\\/couleurssante.be\\\/wp-content\\\/uploads\\\/2020\\\/11\\\/cropped-logo.png\",\"contentUrl\":\"https:\\\/\\\/couleurssante.be\\\/wp-content\\\/uploads\\\/2020\\\/11\\\/cropped-logo.png\",\"width\":782,\"height\":552,\"caption\":\"Couleur Sant\u00e9\"},\"image\":{\"@id\":\"https:\\\/\\\/couleurssante.be\\\/#\\\/schema\\\/logo\\\/image\\\/\"}},{\"@type\":\"Person\",\"@id\":\"https:\\\/\\\/couleurssante.be\\\/#\\\/schema\\\/person\\\/30034bda7e0a4864062755c0be935db9\",\"name\":\"CouleurSante-ADM\",\"image\":{\"@type\":\"ImageObject\",\"inLanguage\":\"nl-BE\",\"@id\":\"https:\\\/\\\/secure.gravatar.com\\\/avatar\\\/564d6dea0746c770dc2969cece75593ad3583a25486472ecae33841748226982?s=96&d=mm&r=g\",\"url\":\"https:\\\/\\\/secure.gravatar.com\\\/avatar\\\/564d6dea0746c770dc2969cece75593ad3583a25486472ecae33841748226982?s=96&d=mm&r=g\",\"contentUrl\":\"https:\\\/\\\/secure.gravatar.com\\\/avatar\\\/564d6dea0746c770dc2969cece75593ad3583a25486472ecae33841748226982?s=96&d=mm&r=g\",\"caption\":\"CouleurSante-ADM\"},\"url\":\"https:\\\/\\\/couleurssante.be\\\/nl\\\/author\\\/couleursante-adm\\\/\"}]}<\/script>\n<!-- \/ Yoast SEO plugin. -->","yoast_head_json":{"title":"LITERAIRE KAFE - Couleur Sant\u00e9","robots":{"index":"index","follow":"follow","max-snippet":"max-snippet:-1","max-image-preview":"max-image-preview:large","max-video-preview":"max-video-preview:-1"},"canonical":"https:\/\/couleurssante.be\/nl\/2026\/09\/03\/literair-cafe-2\/","og_locale":"nl_BE","og_type":"article","og_title":"CAF\u00c9 LITT\u00c9RAIRE - Couleur Sant\u00e9","og_description":"Propos\u00e9 par Foire du Livre de Bruxelles Avec Fran\u00e7oise LHOIR autour de son roman ZINHO Lecture par le com\u00e9dien Pedro Romero et anim\u00e9 par Christine Defoin Le jeudi 17 septembre 2026 \u00e0 10h30 \u00e0 la Maison M\u00e9dicale Couleurs Sant\u00e9","og_url":"https:\/\/couleurssante.be\/nl\/2026\/09\/03\/literair-cafe-2\/","og_site_name":"Couleur Sant\u00e9","article_published_time":"2026-09-03T10:02:26+00:00","article_modified_time":"2026-09-03T10:02:27+00:00","og_image":[{"width":801,"height":1200,"url":"https:\/\/couleurssante.be\/wp-content\/uploads\/2026\/09\/uqwlxrkr_5c.jpg","type":"image\/jpeg"}],"author":"CouleurSante-ADM","twitter_card":"summary_large_image","twitter_misc":{"Geschreven door":"CouleurSante-ADM","Geschatte leestijd":"1 minuut"},"schema":{"@context":"https:\/\/schema.org","@graph":[{"@type":"Article","@id":"https:\/\/couleurssante.be\/2026\/09\/03\/cafe-litteraire-2\/#article","isPartOf":{"@id":"https:\/\/couleurssante.be\/2026\/09\/03\/cafe-litteraire-2\/"},"author":{"name":"CouleurSante-ADM","@id":"https:\/\/couleurssante.be\/#\/schema\/person\/30034bda7e0a4864062755c0be935db9"},"headline":"CAF\u00c9 LITT\u00c9RAIRE","datePublished":"2026-09-03T10:02:26+00:00","dateModified":"2026-09-03T10:02:27+00:00","mainEntityOfPage":{"@id":"https:\/\/couleurssante.be\/2026\/09\/03\/cafe-litteraire-2\/"},"wordCount":41,"publisher":{"@id":"https:\/\/couleurssante.be\/#organization"},"image":{"@id":"https:\/\/couleurssante.be\/2026\/09\/03\/cafe-litteraire-2\/#primaryimage"},"thumbnailUrl":"https:\/\/couleurssante.be\/wp-content\/uploads\/2026\/09\/uqwlxrkr_5c.jpg","articleSection":["Activit\u00e9s","Actualit\u00e9s"],"inLanguage":"nl-BE"},{"@type":"WebPage","@id":"https:\/\/couleurssante.be\/2026\/09\/03\/cafe-litteraire-2\/","url":"https:\/\/couleurssante.be\/2026\/09\/03\/cafe-litteraire-2\/","name":"LITERAIRE KAFE - Couleur Sant\u00e9","isPartOf":{"@id":"https:\/\/couleurssante.be\/#website"},"primaryImageOfPage":{"@id":"https:\/\/couleurssante.be\/2026\/09\/03\/cafe-litteraire-2\/#primaryimage"},"image":{"@id":"https:\/\/couleurssante.be\/2026\/09\/03\/cafe-litteraire-2\/#primaryimage"},"thumbnailUrl":"https:\/\/couleurssante.be\/wp-content\/uploads\/2026\/09\/uqwlxrkr_5c.jpg","datePublished":"2026-09-03T10:02:26+00:00","dateModified":"2026-09-03T10:02:27+00:00","breadcrumb":{"@id":"https:\/\/couleurssante.be\/2026\/09\/03\/cafe-litteraire-2\/#breadcrumb"},"inLanguage":"nl-BE","potentialAction":[{"@type":"ReadAction","target":["https:\/\/couleurssante.be\/2026\/09\/03\/cafe-litteraire-2\/"]}]},{"@type":"ImageObject","inLanguage":"nl-BE","@id":"https:\/\/couleurssante.be\/2026\/09\/03\/cafe-litteraire-2\/#primaryimage","url":"https:\/\/couleurssante.be\/wp-content\/uploads\/2026\/09\/uqwlxrkr_5c.jpg","contentUrl":"https:\/\/couleurssante.be\/wp-content\/uploads\/2026\/09\/uqwlxrkr_5c.jpg","width":801,"height":1200,"caption":"woman in gray t-shirt and blue denim jeans reading book"},{"@type":"BreadcrumbList","@id":"https:\/\/couleurssante.be\/2026\/09\/03\/cafe-litteraire-2\/#breadcrumb","itemListElement":[{"@type":"ListItem","position":1,"name":"Home","item":"https:\/\/couleurssante.be\/"},{"@type":"ListItem","position":2,"name":"CAF\u00c9 LITT\u00c9RAIRE"}]},{"@type":"WebSite","@id":"https:\/\/couleurssante.be\/#website","url":"https:\/\/couleurssante.be\/","name":"Gezondheidskleur","description":"Medisch centrum vzw","publisher":{"@id":"https:\/\/couleurssante.be\/#organization"},"potentialAction":[{"@type":"SearchAction","target":{"@type":"EntryPoint","urlTemplate":"https:\/\/couleurssante.be\/?s={search_term_string}"},"query-input":{"@type":"PropertyValueSpecification","valueRequired":true,"valueName":"search_term_string"}}],"inLanguage":"nl-BE"},{"@type":"Organization","@id":"https:\/\/couleurssante.be\/#organization","name":"Gezondheidskleur","url":"https:\/\/couleurssante.be\/","logo":{"@type":"ImageObject","inLanguage":"nl-BE","@id":"https:\/\/couleurssante.be\/#\/schema\/logo\/image\/","url":"https:\/\/couleurssante.be\/wp-content\/uploads\/2020\/11\/cropped-logo.png","contentUrl":"https:\/\/couleurssante.be\/wp-content\/uploads\/2020\/11\/cropped-logo.png","width":782,"height":552,"caption":"Couleur Sant\u00e9"},"image":{"@id":"https:\/\/couleurssante.be\/#\/schema\/logo\/image\/"}},{"@type":"Person","@id":"https:\/\/couleurssante.be\/#\/schema\/person\/30034bda7e0a4864062755c0be935db9","name":"CouleurSante-ADM","image":{"@type":"ImageObject","inLanguage":"nl-BE","@id":"https:\/\/secure.gravatar.com\/avatar\/564d6dea0746c770dc2969cece75593ad3583a25486472ecae33841748226982?s=96&d=mm&r=g","url":"https:\/\/secure.gravatar.com\/avatar\/564d6dea0746c770dc2969cece75593ad3583a25486472ecae33841748226982?s=96&d=mm&r=g","contentUrl":"https:\/\/secure.gravatar.com\/avatar\/564d6dea0746c770dc2969cece75593ad3583a25486472ecae33841748226982?s=96&d=mm&r=g","caption":"CouleurSante-ADM"},"url":"https:\/\/couleurssante.be\/nl\/author\/couleursante-adm\/"}]}},"_links":{"self":[{"href":"https:\/\/couleurssante.be\/nl\/wp-json\/wp\/v2\/posts\/4398","targetHints":{"allow":["GET"]}}],"collection":[{"href":"https:\/\/couleurssante.be\/nl\/wp-json\/wp\/v2\/posts"}],"about":[{"href":"https:\/\/couleurssante.be\/nl\/wp-json\/wp\/v2\/types\/post"}],"author":[{"embeddable":true,"href":"https:\/\/couleurssante.be\/nl\/wp-json\/wp\/v2\/users\/2"}],"replies":[{"embeddable":true,"href":"https:\/\/couleurssante.be\/nl\/wp-json\/wp\/v2\/comments?post=4398"}],"version-history":[{"count":1,"href":"https:\/\/couleurssante.be\/nl\/wp-json\/wp\/v2\/posts\/4398\/revisions"}],"predecessor-version":[{"id":4401,"href":"https:\/\/couleurssante.be\/nl\/wp-json\/wp\/v2\/posts\/4398\/revisions\/4401"}],"wp:featuredmedia":[{"embeddable":true,"href":"https:\/\/couleurssante.be\/nl\/wp-json\/wp\/v2\/media\/4400"}],"wp:attachment":[{"href":"https:\/\/couleurssante.be\/nl\/wp-json\/wp\/v2\/media?parent=4398"}],"wp:term":[{"taxonomy":"category","embeddable":true,"href":"https:\/\/couleurssante.be\/nl\/wp-json\/wp\/v2\/categories?post=4398"},{"taxonomy":"post_tag","embeddable":true,"href":"https:\/\/couleurssante.be\/nl\/wp-json\/wp\/v2\/tags?post=4398"}],"curies":[{"name":"wp","href":"https:\/\/api.w.org\/{rel}","templated":true}]}}